{"id":18959,"date":"2026-08-31T07:30:04","date_gmt":"2026-08-31T05:30:04","guid":{"rendered":"https:\/\/wp2.nige.de\/wordpress\/?p=18959"},"modified":"2026-08-31T07:30:04","modified_gmt":"2026-08-31T05:30:04","slug":"endlich-wieder-fussball-mit-einem-besonderen-ganztagsangebot","status":"publish","type":"post","link":"https:\/\/wp2.nige.de\/wordpress\/endlich-wieder-fussball-mit-einem-besonderen-ganztagsangebot\/","title":{"rendered":"Endlich wieder Fu\u00dfball mit einem besonderen Ganztagsangebot"},"content":{"rendered":"<p><img loading=\"lazy\" decoding=\"async\" class=\"aligncenter wp-image-18960 size-large\" src=\"https:\/\/wp2.nige.de\/wordpress\/wp-content\/uploads\/2026\/08\/GTS-Angebot-Fuaballschule-mit-VfB-OL-1024x459.jpg\" alt=\"\" width=\"1024\" height=\"459\" srcset=\"https:\/\/wp2.nige.de\/wordpress\/wp-content\/uploads\/2026\/08\/GTS-Angebot-Fuaballschule-mit-VfB-OL-1024x459.jpg 1024w, https:\/\/wp2.nige.de\/wordpress\/wp-content\/uploads\/2026\/08\/GTS-Angebot-Fuaballschule-mit-VfB-OL-300x134.jpg 300w, https:\/\/wp2.nige.de\/wordpress\/wp-content\/uploads\/2026\/08\/GTS-Angebot-Fuaballschule-mit-VfB-OL-1536x688.jpg 1536w, https:\/\/wp2.nige.de\/wordpress\/wp-content\/uploads\/2026\/08\/GTS-Angebot-Fuaballschule-mit-VfB-OL-2048x918.jpg 2048w\" sizes=\"auto, (max-width: 1024px) 100vw, 1024px\" \/><\/p>\n<p><strong>Zum Schuljahr 2026\/2027 wird das NIGE Partnerschule der \u201e<em>Fu\u00dfballschule<\/em>\u201c des VfB Oldenburg <\/strong><\/p>\n<p style=\"text-align: justify;\">Der ehemaligen Fu\u00dfballnationalspieler und Weltmeister von 1990, Thomas \u201eIcke\u201c H\u00e4\u00dfler, soll gesagt haben, dass es f\u00fcr ihn in der Schule H\u00f6hen und Tiefen gegeben habe. Die H\u00f6hen seien der Fu\u00dfball gewesen. Das gilt sicher nicht f\u00fcr jeden Sch\u00fcler, zeigt aber, dass eine Schule immer gut daran tut, breit aufgestellt zu sein, um individuelle Neigungen und F\u00e4higkeiten des Einzelnen f\u00f6rdern zu k\u00f6nnen. Ganz so, wie es Ziel der vielseitigen Angebotsstruktur der offenen Ganztagsschule am NIGE ist. Seit dieser Woche wird nun das breite Angebot an Ballsportarten (Basketball, Handball, Volleyball) durch eine Kooperation mit dem VfB Oldenburg und der \u201eFu\u00dfballschule\u201c im Ganztagsschulbereich erweitert.<\/p>\n<p style=\"text-align: justify;\">S\u00f6nke Kroon, einer der 19 Trainer der \u201eFu\u00dfballschule\u201c des VfB Oldenburg, der die Sch\u00fclerinnen und Sch\u00fcler f\u00fcr die \u201eFu\u00dfballschule\u201c am NIGE betreuen wird, konnte sich am ersten Trainingstag vor Andrang kaum retten. Deutlich mehr als die anvisierte H\u00f6chstzahl von 20 Teilnehmer\/innen war gekommen und konnte den Start der AG kaum abwarten. Das NIGE ist mit dieser Kooperation eine von aktuell 68 Partnerschulen des Vereins, f\u00fcr dessen Angebot sich nun 28 Sch\u00fclerinnen und Sch\u00fcler aus den Jahrgangstufen 5-7 des NIGE angemeldet haben.<\/p>\n<p style=\"text-align: justify;\">Der VfB Oldenburg bietet mit seinem Angebot professionelle Trainingsgestaltung und Anleitung von Trainingseinheiten durch lizensierte \u00dcbungsleiter und neben der Begeisterung f\u00fcr Fu\u00dfball und Bewegung, die vielleicht bei den Teilnehmenden gar nicht mehr geweckt werden muss, hat der VfB auch Wertevermittlung und Pers\u00f6nlichkeitsentwicklung durch Sport im Fokus.<\/p>\n<p style=\"text-align: justify;\">Das NIGE habe laut Kroon mit der neuen Sporthalle Sek.I, dem Soccercourt und dem Sportplatz geradezu traumhafte Bedingungen, so dass sich der VfB nach Aussage von Julian Funcke, Assistenz der Gesch\u00e4ftsleitung, auch vorstellen k\u00f6nne, \u00fcber die eigentliche Schulkooperation hinaus Trainingsangebote auf dem Gel\u00e4nde der Schule anzubieten. Denkbar seien beispielsweise erg\u00e4nzende Individualtrainings, Kleingruppentrainings oder weitere gezielte F\u00f6rderangebote f\u00fcr interessierte Sch\u00fclerinnen und Sch\u00fcler. So k\u00f6nnte der VfB laut Funcke die im Rahmen der Schulkooperation gesetzten Impulse auch dar\u00fcber hinaus aufgreifen und einzelne Spielerinnen und Spieler noch gezielter f\u00f6rdern.<\/p>\n<p>Text und Bild: Wilfried Schnabel<\/p>\n","protected":false},"excerpt":{"rendered":"<p>Zum Schuljahr 2026\/2027 wird das NIGE Partnerschule der \u201eFu\u00dfballschule\u201c des VfB Oldenburg Der ehemaligen Fu\u00dfballnationalspieler und Weltmeister von 1990, Thomas \u201eIcke\u201c H\u00e4\u00dfler, soll gesagt haben, dass es f\u00fcr ihn in der Schule H\u00f6hen und Tiefen gegeben habe. Die H\u00f6hen seien der Fu\u00dfball gewesen. Das gilt sicher&#46;&#46;&#46;<\/p>\n","protected":false},"author":49,"featured_media":18960,"comment_status":"closed","ping_status":"open","sticky":false,"template":"","format":"standard","meta":{"ngg_post_thumbnail":0,"footnotes":""},"categories":[12,9],"tags":[],"class_list":["post-18959","post","type-post","status-publish","format-standard","has-post-thumbnail","hentry","category-allgemeines","category-sport"],"yoast_head":"<!-- This site is optimized with the Yoast SEO plugin v28.3 - https:\/\/yoast.com\/product\/yoast-seo-wordpress\/ -->\n<title>Endlich wieder Fu\u00dfball mit einem besonderen Ganztagsangebot - NIGE<\/title>\n<meta name=\"robots\" content=\"index, follow, max-snippet:-1, max-image-preview:large, max-video-preview:-1\" \/>\n<link rel=\"canonical\" href=\"https:\/\/wp2.nige.de\/wordpress\/endlich-wieder-fussball-mit-einem-besonderen-ganztagsangebot\/\" \/>\n<meta property=\"og:locale\" content=\"de_DE\" \/>\n<meta property=\"og:type\" content=\"article\" \/>\n<meta property=\"og:title\" content=\"Endlich wieder Fu\u00dfball mit einem besonderen Ganztagsangebot - NIGE\" \/>\n<meta property=\"og:description\" content=\"Zum Schuljahr 2026\/2027 wird das NIGE Partnerschule der \u201eFu\u00dfballschule\u201c des VfB Oldenburg Der ehemaligen Fu\u00dfballnationalspieler und Weltmeister von 1990, Thomas \u201eIcke\u201c H\u00e4\u00dfler, soll gesagt haben, dass es f\u00fcr ihn in der Schule H\u00f6hen und Tiefen gegeben habe. Die H\u00f6hen seien der Fu\u00dfball gewesen. Das gilt sicher&#046;&#046;&#046;\" \/>\n<meta property=\"og:url\" content=\"https:\/\/wp2.nige.de\/wordpress\/endlich-wieder-fussball-mit-einem-besonderen-ganztagsangebot\/\" \/>\n<meta property=\"og:site_name\" content=\"NIGE\" \/>\n<meta property=\"article:publisher\" content=\"https:\/\/www.facebook.com\/NIGEsens\/\" \/>\n<meta property=\"article:published_time\" content=\"2026-08-31T05:30:04+00:00\" \/>\n<meta property=\"og:image\" content=\"https:\/\/wp2.nige.de\/wordpress\/wp-content\/uploads\/2026\/08\/GTS-Angebot-Fuaballschule-mit-VfB-OL-scaled.jpg\" \/>\n\t<meta property=\"og:image:width\" content=\"2560\" \/>\n\t<meta property=\"og:image:height\" content=\"1147\" \/>\n\t<meta property=\"og:image:type\" content=\"image\/jpeg\" \/>\n<meta name=\"author\" content=\"RS\" \/>\n<meta name=\"twitter:card\" content=\"summary_large_image\" \/>\n<meta name=\"twitter:label1\" content=\"Verfasst von\" \/>\n\t<meta name=\"twitter:data1\" content=\"RS\" \/>\n\t<meta name=\"twitter:label2\" content=\"Gesch\u00e4tzte Lesezeit\" \/>\n\t<meta name=\"twitter:data2\" content=\"3\u00a0Minuten\" \/>\n<script type=\"application\/ld+json\" class=\"yoast-schema-graph\">{\"@context\":\"https:\\\/\\\/schema.org\",\"@graph\":[{\"@type\":\"Article\",\"@id\":\"https:\\\/\\\/wp2.nige.de\\\/wordpress\\\/endlich-wieder-fussball-mit-einem-besonderen-ganztagsangebot\\\/#article\",\"isPartOf\":{\"@id\":\"https:\\\/\\\/wp2.nige.de\\\/wordpress\\\/endlich-wieder-fussball-mit-einem-besonderen-ganztagsangebot\\\/\"},\"author\":{\"name\":\"RS\",\"@id\":\"https:\\\/\\\/wp2.nige.de\\\/wordpress\\\/#\\\/schema\\\/person\\\/254f594c4394b8e769fa5349dd8c824d\"},\"headline\":\"Endlich wieder Fu\u00dfball mit einem besonderen Ganztagsangebot\",\"datePublished\":\"2026-08-31T05:30:04+00:00\",\"mainEntityOfPage\":{\"@id\":\"https:\\\/\\\/wp2.nige.de\\\/wordpress\\\/endlich-wieder-fussball-mit-einem-besonderen-ganztagsangebot\\\/\"},\"wordCount\":372,\"publisher\":{\"@id\":\"https:\\\/\\\/wp2.nige.de\\\/wordpress\\\/#organization\"},\"image\":{\"@id\":\"https:\\\/\\\/wp2.nige.de\\\/wordpress\\\/endlich-wieder-fussball-mit-einem-besonderen-ganztagsangebot\\\/#primaryimage\"},\"thumbnailUrl\":\"https:\\\/\\\/wp2.nige.de\\\/wordpress\\\/wp-content\\\/uploads\\\/2026\\\/08\\\/GTS-Angebot-Fuaballschule-mit-VfB-OL-scaled.jpg\",\"articleSection\":[\"Allgemeines\",\"Sport\"],\"inLanguage\":\"de\"},{\"@type\":\"WebPage\",\"@id\":\"https:\\\/\\\/wp2.nige.de\\\/wordpress\\\/endlich-wieder-fussball-mit-einem-besonderen-ganztagsangebot\\\/\",\"url\":\"https:\\\/\\\/wp2.nige.de\\\/wordpress\\\/endlich-wieder-fussball-mit-einem-besonderen-ganztagsangebot\\\/\",\"name\":\"Endlich wieder Fu\u00dfball mit einem besonderen Ganztagsangebot - NIGE\",\"isPartOf\":{\"@id\":\"https:\\\/\\\/wp2.nige.de\\\/wordpress\\\/#website\"},\"primaryImageOfPage\":{\"@id\":\"https:\\\/\\\/wp2.nige.de\\\/wordpress\\\/endlich-wieder-fussball-mit-einem-besonderen-ganztagsangebot\\\/#primaryimage\"},\"image\":{\"@id\":\"https:\\\/\\\/wp2.nige.de\\\/wordpress\\\/endlich-wieder-fussball-mit-einem-besonderen-ganztagsangebot\\\/#primaryimage\"},\"thumbnailUrl\":\"https:\\\/\\\/wp2.nige.de\\\/wordpress\\\/wp-content\\\/uploads\\\/2026\\\/08\\\/GTS-Angebot-Fuaballschule-mit-VfB-OL-scaled.jpg\",\"datePublished\":\"2026-08-31T05:30:04+00:00\",\"breadcrumb\":{\"@id\":\"https:\\\/\\\/wp2.nige.de\\\/wordpress\\\/endlich-wieder-fussball-mit-einem-besonderen-ganztagsangebot\\\/#breadcrumb\"},\"inLanguage\":\"de\",\"potentialAction\":[{\"@type\":\"ReadAction\",\"target\":[\"https:\\\/\\\/wp2.nige.de\\\/wordpress\\\/endlich-wieder-fussball-mit-einem-besonderen-ganztagsangebot\\\/\"]}]},{\"@type\":\"ImageObject\",\"inLanguage\":\"de\",\"@id\":\"https:\\\/\\\/wp2.nige.de\\\/wordpress\\\/endlich-wieder-fussball-mit-einem-besonderen-ganztagsangebot\\\/#primaryimage\",\"url\":\"https:\\\/\\\/wp2.nige.de\\\/wordpress\\\/wp-content\\\/uploads\\\/2026\\\/08\\\/GTS-Angebot-Fuaballschule-mit-VfB-OL-scaled.jpg\",\"contentUrl\":\"https:\\\/\\\/wp2.nige.de\\\/wordpress\\\/wp-content\\\/uploads\\\/2026\\\/08\\\/GTS-Angebot-Fuaballschule-mit-VfB-OL-scaled.jpg\",\"width\":2560,\"height\":1147},{\"@type\":\"BreadcrumbList\",\"@id\":\"https:\\\/\\\/wp2.nige.de\\\/wordpress\\\/endlich-wieder-fussball-mit-einem-besonderen-ganztagsangebot\\\/#breadcrumb\",\"itemListElement\":[{\"@type\":\"ListItem\",\"position\":1,\"name\":\"Startseite\",\"item\":\"https:\\\/\\\/wp2.nige.de\\\/wordpress\\\/\"},{\"@type\":\"ListItem\",\"position\":2,\"name\":\"Endlich wieder Fu\u00dfball mit einem besonderen Ganztagsangebot\"}]},{\"@type\":\"WebSite\",\"@id\":\"https:\\\/\\\/wp2.nige.de\\\/wordpress\\\/#website\",\"url\":\"https:\\\/\\\/wp2.nige.de\\\/wordpress\\\/\",\"name\":\"Nieders\u00e4chsisches Internatsgymnasium Esens | NIGE\",\"description\":\"Nieders\u00e4chsisches Internatsgymnasium Esens\",\"publisher\":{\"@id\":\"https:\\\/\\\/wp2.nige.de\\\/wordpress\\\/#organization\"},\"potentialAction\":[{\"@type\":\"SearchAction\",\"target\":{\"@type\":\"EntryPoint\",\"urlTemplate\":\"https:\\\/\\\/wp2.nige.de\\\/wordpress\\\/?s={search_term_string}\"},\"query-input\":{\"@type\":\"PropertyValueSpecification\",\"valueRequired\":true,\"valueName\":\"search_term_string\"}}],\"inLanguage\":\"de\"},{\"@type\":\"Organization\",\"@id\":\"https:\\\/\\\/wp2.nige.de\\\/wordpress\\\/#organization\",\"name\":\"Nieders\u00e4chsisches Internatsgymnasium Esens\",\"url\":\"https:\\\/\\\/wp2.nige.de\\\/wordpress\\\/\",\"logo\":{\"@type\":\"ImageObject\",\"inLanguage\":\"de\",\"@id\":\"https:\\\/\\\/wp2.nige.de\\\/wordpress\\\/#\\\/schema\\\/logo\\\/image\\\/\",\"url\":\"https:\\\/\\\/wp2.nige.de\\\/wordpress\\\/wp-content\\\/uploads\\\/2018\\\/08\\\/logo_nige.jpg\",\"contentUrl\":\"https:\\\/\\\/wp2.nige.de\\\/wordpress\\\/wp-content\\\/uploads\\\/2018\\\/08\\\/logo_nige.jpg\",\"width\":1984,\"height\":1239,\"caption\":\"Nieders\u00e4chsisches Internatsgymnasium Esens\"},\"image\":{\"@id\":\"https:\\\/\\\/wp2.nige.de\\\/wordpress\\\/#\\\/schema\\\/logo\\\/image\\\/\"},\"sameAs\":[\"https:\\\/\\\/www.facebook.com\\\/NIGEsens\\\/\"]},{\"@type\":\"Person\",\"@id\":\"https:\\\/\\\/wp2.nige.de\\\/wordpress\\\/#\\\/schema\\\/person\\\/254f594c4394b8e769fa5349dd8c824d\",\"name\":\"RS\",\"image\":{\"@type\":\"ImageObject\",\"inLanguage\":\"de\",\"@id\":\"https:\\\/\\\/secure.gravatar.com\\\/avatar\\\/e218e035934258408ed28ccfae044a87d7e9133ea8becc344543e418c3251995?s=96&d=mm&r=g\",\"url\":\"https:\\\/\\\/secure.gravatar.com\\\/avatar\\\/e218e035934258408ed28ccfae044a87d7e9133ea8becc344543e418c3251995?s=96&d=mm&r=g\",\"contentUrl\":\"https:\\\/\\\/secure.gravatar.com\\\/avatar\\\/e218e035934258408ed28ccfae044a87d7e9133ea8becc344543e418c3251995?s=96&d=mm&r=g\",\"caption\":\"RS\"},\"url\":\"https:\\\/\\\/wp2.nige.de\\\/wordpress\\\/author\\\/ronny-schiche07\\\/\"}]}<\/script>\n<!-- \/ Yoast SEO plugin. -->","yoast_head_json":{"title":"Endlich wieder Fu\u00dfball mit einem besonderen Ganztagsangebot - NIGE","robots":{"index":"index","follow":"follow","max-snippet":"max-snippet:-1","max-image-preview":"max-image-preview:large","max-video-preview":"max-video-preview:-1"},"canonical":"https:\/\/wp2.nige.de\/wordpress\/endlich-wieder-fussball-mit-einem-besonderen-ganztagsangebot\/","og_locale":"de_DE","og_type":"article","og_title":"Endlich wieder Fu\u00dfball mit einem besonderen Ganztagsangebot - NIGE","og_description":"Zum Schuljahr 2026\/2027 wird das NIGE Partnerschule der \u201eFu\u00dfballschule\u201c des VfB Oldenburg Der ehemaligen Fu\u00dfballnationalspieler und Weltmeister von 1990, Thomas \u201eIcke\u201c H\u00e4\u00dfler, soll gesagt haben, dass es f\u00fcr ihn in der Schule H\u00f6hen und Tiefen gegeben habe. Die H\u00f6hen seien der Fu\u00dfball gewesen. Das gilt sicher&#46;&#46;&#46;","og_url":"https:\/\/wp2.nige.de\/wordpress\/endlich-wieder-fussball-mit-einem-besonderen-ganztagsangebot\/","og_site_name":"NIGE","article_publisher":"https:\/\/www.facebook.com\/NIGEsens\/","article_published_time":"2026-08-31T05:30:04+00:00","og_image":[{"width":2560,"height":1147,"url":"https:\/\/wp2.nige.de\/wordpress\/wp-content\/uploads\/2026\/08\/GTS-Angebot-Fuaballschule-mit-VfB-OL-scaled.jpg","type":"image\/jpeg"}],"author":"RS","twitter_card":"summary_large_image","twitter_misc":{"Verfasst von":"RS","Gesch\u00e4tzte Lesezeit":"3\u00a0Minuten"},"schema":{"@context":"https:\/\/schema.org","@graph":[{"@type":"Article","@id":"https:\/\/wp2.nige.de\/wordpress\/endlich-wieder-fussball-mit-einem-besonderen-ganztagsangebot\/#article","isPartOf":{"@id":"https:\/\/wp2.nige.de\/wordpress\/endlich-wieder-fussball-mit-einem-besonderen-ganztagsangebot\/"},"author":{"name":"RS","@id":"https:\/\/wp2.nige.de\/wordpress\/#\/schema\/person\/254f594c4394b8e769fa5349dd8c824d"},"headline":"Endlich wieder Fu\u00dfball mit einem besonderen Ganztagsangebot","datePublished":"2026-08-31T05:30:04+00:00","mainEntityOfPage":{"@id":"https:\/\/wp2.nige.de\/wordpress\/endlich-wieder-fussball-mit-einem-besonderen-ganztagsangebot\/"},"wordCount":372,"publisher":{"@id":"https:\/\/wp2.nige.de\/wordpress\/#organization"},"image":{"@id":"https:\/\/wp2.nige.de\/wordpress\/endlich-wieder-fussball-mit-einem-besonderen-ganztagsangebot\/#primaryimage"},"thumbnailUrl":"https:\/\/wp2.nige.de\/wordpress\/wp-content\/uploads\/2026\/08\/GTS-Angebot-Fuaballschule-mit-VfB-OL-scaled.jpg","articleSection":["Allgemeines","Sport"],"inLanguage":"de"},{"@type":"WebPage","@id":"https:\/\/wp2.nige.de\/wordpress\/endlich-wieder-fussball-mit-einem-besonderen-ganztagsangebot\/","url":"https:\/\/wp2.nige.de\/wordpress\/endlich-wieder-fussball-mit-einem-besonderen-ganztagsangebot\/","name":"Endlich wieder Fu\u00dfball mit einem besonderen Ganztagsangebot - NIGE","isPartOf":{"@id":"https:\/\/wp2.nige.de\/wordpress\/#website"},"primaryImageOfPage":{"@id":"https:\/\/wp2.nige.de\/wordpress\/endlich-wieder-fussball-mit-einem-besonderen-ganztagsangebot\/#primaryimage"},"image":{"@id":"https:\/\/wp2.nige.de\/wordpress\/endlich-wieder-fussball-mit-einem-besonderen-ganztagsangebot\/#primaryimage"},"thumbnailUrl":"https:\/\/wp2.nige.de\/wordpress\/wp-content\/uploads\/2026\/08\/GTS-Angebot-Fuaballschule-mit-VfB-OL-scaled.jpg","datePublished":"2026-08-31T05:30:04+00:00","breadcrumb":{"@id":"https:\/\/wp2.nige.de\/wordpress\/endlich-wieder-fussball-mit-einem-besonderen-ganztagsangebot\/#breadcrumb"},"inLanguage":"de","potentialAction":[{"@type":"ReadAction","target":["https:\/\/wp2.nige.de\/wordpress\/endlich-wieder-fussball-mit-einem-besonderen-ganztagsangebot\/"]}]},{"@type":"ImageObject","inLanguage":"de","@id":"https:\/\/wp2.nige.de\/wordpress\/endlich-wieder-fussball-mit-einem-besonderen-ganztagsangebot\/#primaryimage","url":"https:\/\/wp2.nige.de\/wordpress\/wp-content\/uploads\/2026\/08\/GTS-Angebot-Fuaballschule-mit-VfB-OL-scaled.jpg","contentUrl":"https:\/\/wp2.nige.de\/wordpress\/wp-content\/uploads\/2026\/08\/GTS-Angebot-Fuaballschule-mit-VfB-OL-scaled.jpg","width":2560,"height":1147},{"@type":"BreadcrumbList","@id":"https:\/\/wp2.nige.de\/wordpress\/endlich-wieder-fussball-mit-einem-besonderen-ganztagsangebot\/#breadcrumb","itemListElement":[{"@type":"ListItem","position":1,"name":"Startseite","item":"https:\/\/wp2.nige.de\/wordpress\/"},{"@type":"ListItem","position":2,"name":"Endlich wieder Fu\u00dfball mit einem besonderen Ganztagsangebot"}]},{"@type":"WebSite","@id":"https:\/\/wp2.nige.de\/wordpress\/#website","url":"https:\/\/wp2.nige.de\/wordpress\/","name":"Nieders\u00e4chsisches Internatsgymnasium Esens | NIGE","description":"Nieders\u00e4chsisches Internatsgymnasium Esens","publisher":{"@id":"https:\/\/wp2.nige.de\/wordpress\/#organization"},"potentialAction":[{"@type":"SearchAction","target":{"@type":"EntryPoint","urlTemplate":"https:\/\/wp2.nige.de\/wordpress\/?s={search_term_string}"},"query-input":{"@type":"PropertyValueSpecification","valueRequired":true,"valueName":"search_term_string"}}],"inLanguage":"de"},{"@type":"Organization","@id":"https:\/\/wp2.nige.de\/wordpress\/#organization","name":"Nieders\u00e4chsisches Internatsgymnasium Esens","url":"https:\/\/wp2.nige.de\/wordpress\/","logo":{"@type":"ImageObject","inLanguage":"de","@id":"https:\/\/wp2.nige.de\/wordpress\/#\/schema\/logo\/image\/","url":"https:\/\/wp2.nige.de\/wordpress\/wp-content\/uploads\/2018\/08\/logo_nige.jpg","contentUrl":"https:\/\/wp2.nige.de\/wordpress\/wp-content\/uploads\/2018\/08\/logo_nige.jpg","width":1984,"height":1239,"caption":"Nieders\u00e4chsisches Internatsgymnasium Esens"},"image":{"@id":"https:\/\/wp2.nige.de\/wordpress\/#\/schema\/logo\/image\/"},"sameAs":["https:\/\/www.facebook.com\/NIGEsens\/"]},{"@type":"Person","@id":"https:\/\/wp2.nige.de\/wordpress\/#\/schema\/person\/254f594c4394b8e769fa5349dd8c824d","name":"RS","image":{"@type":"ImageObject","inLanguage":"de","@id":"https:\/\/secure.gravatar.com\/avatar\/e218e035934258408ed28ccfae044a87d7e9133ea8becc344543e418c3251995?s=96&d=mm&r=g","url":"https:\/\/secure.gravatar.com\/avatar\/e218e035934258408ed28ccfae044a87d7e9133ea8becc344543e418c3251995?s=96&d=mm&r=g","contentUrl":"https:\/\/secure.gravatar.com\/avatar\/e218e035934258408ed28ccfae044a87d7e9133ea8becc344543e418c3251995?s=96&d=mm&r=g","caption":"RS"},"url":"https:\/\/wp2.nige.de\/wordpress\/author\/ronny-schiche07\/"}]}},"_links":{"self":[{"href":"https:\/\/wp2.nige.de\/wordpress\/wp-json\/wp\/v2\/posts\/18959","targetHints":{"allow":["GET"]}}],"collection":[{"href":"https:\/\/wp2.nige.de\/wordpress\/wp-json\/wp\/v2\/posts"}],"about":[{"href":"https:\/\/wp2.nige.de\/wordpress\/wp-json\/wp\/v2\/types\/post"}],"author":[{"embeddable":true,"href":"https:\/\/wp2.nige.de\/wordpress\/wp-json\/wp\/v2\/users\/49"}],"replies":[{"embeddable":true,"href":"https:\/\/wp2.nige.de\/wordpress\/wp-json\/wp\/v2\/comments?post=18959"}],"version-history":[{"count":3,"href":"https:\/\/wp2.nige.de\/wordpress\/wp-json\/wp\/v2\/posts\/18959\/revisions"}],"predecessor-version":[{"id":18965,"href":"https:\/\/wp2.nige.de\/wordpress\/wp-json\/wp\/v2\/posts\/18959\/revisions\/18965"}],"wp:featuredmedia":[{"embeddable":true,"href":"https:\/\/wp2.nige.de\/wordpress\/wp-json\/wp\/v2\/media\/18960"}],"wp:attachment":[{"href":"https:\/\/wp2.nige.de\/wordpress\/wp-json\/wp\/v2\/media?parent=18959"}],"wp:term":[{"taxonomy":"category","embeddable":true,"href":"https:\/\/wp2.nige.de\/wordpress\/wp-json\/wp\/v2\/categories?post=18959"},{"taxonomy":"post_tag","embeddable":true,"href":"https:\/\/wp2.nige.de\/wordpress\/wp-json\/wp\/v2\/tags?post=18959"}],"curies":[{"name":"wp","href":"https:\/\/api.w.org\/{rel}","templated":true}]}}